{"id":8023,"date":"2011-07-20T12:02:06","date_gmt":"2011-07-20T10:02:06","guid":{"rendered":"http:\/\/njp.no\/?p=8023"},"modified":"2023-03-22T08:30:16","modified_gmt":"2023-03-22T07:30:16","slug":"ingvild-vaale-arnesen","status":"publish","type":"post","link":"https:\/\/njp.no\/en\/2011\/ingvild-vaale-arnesen\/","title":{"rendered":"Ingvild Vaale Arnesen"},"content":{"rendered":"<h3>Arnesen has developed a tough, provocative visual language in black and white, in the border zone between art and photojournalism. Her photographs are intimate and painful, experimental and assertive.<\/h3>\n<p>She plans to work on a project about teenagers that calls for precisely this closeness to the subjects. The NJP editors believe that her approach to photography will help foster stimulating discussions within the group and serve as an inspiration, at the same time we believe that encountering other styles and approaches will help her to develop further.<\/p>\n<p><img loading=\"lazy\" decoding=\"async\" class=\"aligncenter size-large wp-image-5709\" src=\"http:\/\/njp.0ncpmyjsjngkvdiv.prev.site\/wp-content\/uploads\/2011\/09\/Arnesen_M04.jpg\" alt=\"\" width=\"1024\" height=\"684\" \/> <img loading=\"lazy\" decoding=\"async\" class=\"aligncenter size-large wp-image-5707\" src=\"http:\/\/njp.0ncpmyjsjngkvdiv.prev.site\/wp-content\/uploads\/2011\/08\/Arnesen_M03.png\" alt=\"\" width=\"1024\" height=\"667\" \/> <img loading=\"lazy\" decoding=\"async\" class=\"aligncenter size-large wp-image-5706\" src=\"http:\/\/njp.0ncpmyjsjngkvdiv.prev.site\/wp-content\/uploads\/2011\/08\/Arnesen_M02.png\" alt=\"\" width=\"1024\" height=\"674\" \/> <img loading=\"lazy\" decoding=\"async\" class=\"aligncenter size-large wp-image-5705\" src=\"http:\/\/njp.0ncpmyjsjngkvdiv.prev.site\/wp-content\/uploads\/2011\/09\/Arnesen_M01.jpg\" alt=\"\" width=\"1024\" height=\"677\" \/><\/p>\n<p><em>Utdrag fra prosjektbeskrivelsen<\/em><\/p>\n<h4>Early womanhood<\/h4>\n<p>Jeg vil utforske unge norske jenters identitet. I en verden som er enda t\u00f8ffere enn da jeg vokste opp, formes unge kvinner og menn av idealer som kan oppfattes som umenneskelige. Jeg vil m\u00f8te jentene uten klisjeer og fordommer. Jeg \u00f8nsker \u00e5 f\u00f8lge 4-6 ten\u00e5ringsjenter over en periode hvor jeg kan f\u00e5 innblikk i deres liv og tanker. Jeg \u00f8nsker at dette skal v\u00e6re jenter som ikke kjenner hverandre, og som bor p\u00e5 ulike steder i Norge. Jeg vil at bildene skal ha fokus p\u00e5 jentene og deres forhold til seg selv.<\/p>\n","protected":false},"excerpt":{"rendered":"<p>Arnesen has developed a tough, provocative visual language in black and white, in the border zone between art and photojournalism. Her photographs are intimate and painful, experimental and assertive. She&#8230;<\/p>\n","protected":false},"author":3,"featured_media":6774,"comment_status":"closed","ping_status":"open","sticky":false,"template":"","format":"standard","meta":{"inline_featured_image":false,"footnotes":""},"categories":[246,251],"tags":[],"class_list":{"0":"post-8023","1":"post","2":"type-post","3":"status-publish","4":"format-standard","5":"has-post-thumbnail","7":"category-participants","8":"category-2011-en-2"},"yoast_head":"<!-- This site is optimized with the Yoast SEO plugin v26.9 - https:\/\/yoast.com\/product\/yoast-seo-wordpress\/ -->\n<title>Ingvild Vaale Arnesen - Norwegian Journal of Photography<\/title>\n<meta name=\"robots\" content=\"index, follow, max-snippet:-1, max-image-preview:large, max-video-preview:-1\" \/>\n<link rel=\"canonical\" href=\"https:\/\/njp.no\/en\/2011\/ingvild-vaale-arnesen\/\" \/>\n<meta property=\"og:locale\" content=\"en_US\" \/>\n<meta property=\"og:type\" content=\"article\" \/>\n<meta property=\"og:title\" content=\"Ingvild Vaale Arnesen - Norwegian Journal of Photography\" \/>\n<meta property=\"og:description\" content=\"Arnesen has developed a tough, provocative visual language in black and white, in the border zone between art and photojournalism. Her photographs are intimate and painful, experimental and assertive. She...\" \/>\n<meta property=\"og:url\" content=\"https:\/\/njp.no\/en\/2011\/ingvild-vaale-arnesen\/\" \/>\n<meta property=\"og:site_name\" content=\"Norwegian Journal of Photography\" \/>\n<meta property=\"article:published_time\" content=\"2011-07-20T10:02:06+00:00\" \/>\n<meta property=\"article:modified_time\" content=\"2023-03-22T07:30:16+00:00\" \/>\n<meta property=\"og:image\" content=\"https:\/\/njp.no\/wp-content\/uploads\/2011\/08\/Arnesen_M05.jpg\" \/>\n\t<meta property=\"og:image:width\" content=\"610\" \/>\n\t<meta property=\"og:image:height\" content=\"412\" \/>\n\t<meta property=\"og:image:type\" content=\"image\/jpeg\" \/>\n<meta name=\"author\" content=\"Espen Rasmussen \/ NJP-redaksjonen\" \/>\n<meta name=\"twitter:card\" content=\"summary_large_image\" \/>\n<meta name=\"twitter:label1\" content=\"Written by\" \/>\n\t<meta name=\"twitter:data1\" content=\"Espen Rasmussen \/ NJP-redaksjonen\" \/>\n\t<meta name=\"twitter:label2\" content=\"Est. reading time\" \/>\n\t<meta name=\"twitter:data2\" content=\"1 minute\" \/>\n<script type=\"application\/ld+json\" class=\"yoast-schema-graph\">{\"@context\":\"https:\/\/schema.org\",\"@graph\":[{\"@type\":\"Article\",\"@id\":\"https:\/\/njp.no\/en\/2011\/ingvild-vaale-arnesen\/#article\",\"isPartOf\":{\"@id\":\"https:\/\/njp.no\/en\/2011\/ingvild-vaale-arnesen\/\"},\"author\":{\"name\":\"Espen Rasmussen \/ NJP-redaksjonen\",\"@id\":\"https:\/\/njp.no\/#\/schema\/person\/814bd483053e576f92c6dced1cfd043a\"},\"headline\":\"Ingvild Vaale Arnesen\",\"datePublished\":\"2011-07-20T10:02:06+00:00\",\"dateModified\":\"2023-03-22T07:30:16+00:00\",\"mainEntityOfPage\":{\"@id\":\"https:\/\/njp.no\/en\/2011\/ingvild-vaale-arnesen\/\"},\"wordCount\":191,\"image\":{\"@id\":\"https:\/\/njp.no\/en\/2011\/ingvild-vaale-arnesen\/#primaryimage\"},\"thumbnailUrl\":\"https:\/\/njp.no\/wp-content\/uploads\/2011\/08\/Arnesen_M05.jpg\",\"articleSection\":[\"Participants\",\"2011\"],\"inLanguage\":\"en-US\"},{\"@type\":\"WebPage\",\"@id\":\"https:\/\/njp.no\/en\/2011\/ingvild-vaale-arnesen\/\",\"url\":\"https:\/\/njp.no\/en\/2011\/ingvild-vaale-arnesen\/\",\"name\":\"Ingvild Vaale Arnesen - Norwegian Journal of Photography\",\"isPartOf\":{\"@id\":\"https:\/\/njp.no\/#website\"},\"primaryImageOfPage\":{\"@id\":\"https:\/\/njp.no\/en\/2011\/ingvild-vaale-arnesen\/#primaryimage\"},\"image\":{\"@id\":\"https:\/\/njp.no\/en\/2011\/ingvild-vaale-arnesen\/#primaryimage\"},\"thumbnailUrl\":\"https:\/\/njp.no\/wp-content\/uploads\/2011\/08\/Arnesen_M05.jpg\",\"datePublished\":\"2011-07-20T10:02:06+00:00\",\"dateModified\":\"2023-03-22T07:30:16+00:00\",\"author\":{\"@id\":\"https:\/\/njp.no\/#\/schema\/person\/814bd483053e576f92c6dced1cfd043a\"},\"breadcrumb\":{\"@id\":\"https:\/\/njp.no\/en\/2011\/ingvild-vaale-arnesen\/#breadcrumb\"},\"inLanguage\":\"en-US\",\"potentialAction\":[{\"@type\":\"ReadAction\",\"target\":[\"https:\/\/njp.no\/en\/2011\/ingvild-vaale-arnesen\/\"]}]},{\"@type\":\"ImageObject\",\"inLanguage\":\"en-US\",\"@id\":\"https:\/\/njp.no\/en\/2011\/ingvild-vaale-arnesen\/#primaryimage\",\"url\":\"https:\/\/njp.no\/wp-content\/uploads\/2011\/08\/Arnesen_M05.jpg\",\"contentUrl\":\"https:\/\/njp.no\/wp-content\/uploads\/2011\/08\/Arnesen_M05.jpg\",\"width\":610,\"height\":412},{\"@type\":\"BreadcrumbList\",\"@id\":\"https:\/\/njp.no\/en\/2011\/ingvild-vaale-arnesen\/#breadcrumb\",\"itemListElement\":[{\"@type\":\"ListItem\",\"position\":1,\"name\":\"Hjem\",\"item\":\"https:\/\/njp.no\/en\/\"},{\"@type\":\"ListItem\",\"position\":2,\"name\":\"Ingvild Vaale Arnesen\"}]},{\"@type\":\"WebSite\",\"@id\":\"https:\/\/njp.no\/#website\",\"url\":\"https:\/\/njp.no\/\",\"name\":\"Norwegian Journal of Photography\",\"description\":\"Norsk Fotografisk Journal\",\"potentialAction\":[{\"@type\":\"SearchAction\",\"target\":{\"@type\":\"EntryPoint\",\"urlTemplate\":\"https:\/\/njp.no\/?s={search_term_string}\"},\"query-input\":{\"@type\":\"PropertyValueSpecification\",\"valueRequired\":true,\"valueName\":\"search_term_string\"}}],\"inLanguage\":\"en-US\"},{\"@type\":\"Person\",\"@id\":\"https:\/\/njp.no\/#\/schema\/person\/814bd483053e576f92c6dced1cfd043a\",\"name\":\"Espen Rasmussen \/ NJP-redaksjonen\",\"image\":{\"@type\":\"ImageObject\",\"inLanguage\":\"en-US\",\"@id\":\"https:\/\/njp.no\/#\/schema\/person\/image\/\",\"url\":\"https:\/\/njp.no\/wp-content\/uploads\/2011\/08\/Espen-1-125x125.jpg\",\"contentUrl\":\"https:\/\/njp.no\/wp-content\/uploads\/2011\/08\/Espen-1-125x125.jpg\",\"caption\":\"Espen Rasmussen \/ NJP-redaksjonen\"},\"url\":\"https:\/\/njp.no\/en\/author\/espenrasicloud-com\/\"}]}<\/script>\n<!-- \/ Yoast SEO plugin. -->","yoast_head_json":{"title":"Ingvild Vaale Arnesen - Norwegian Journal of Photography","robots":{"index":"index","follow":"follow","max-snippet":"max-snippet:-1","max-image-preview":"max-image-preview:large","max-video-preview":"max-video-preview:-1"},"canonical":"https:\/\/njp.no\/en\/2011\/ingvild-vaale-arnesen\/","og_locale":"en_US","og_type":"article","og_title":"Ingvild Vaale Arnesen - Norwegian Journal of Photography","og_description":"Arnesen has developed a tough, provocative visual language in black and white, in the border zone between art and photojournalism. Her photographs are intimate and painful, experimental and assertive. She...","og_url":"https:\/\/njp.no\/en\/2011\/ingvild-vaale-arnesen\/","og_site_name":"Norwegian Journal of Photography","article_published_time":"2011-07-20T10:02:06+00:00","article_modified_time":"2023-03-22T07:30:16+00:00","og_image":[{"width":610,"height":412,"url":"https:\/\/njp.no\/wp-content\/uploads\/2011\/08\/Arnesen_M05.jpg","type":"image\/jpeg"}],"author":"Espen Rasmussen \/ NJP-redaksjonen","twitter_card":"summary_large_image","twitter_misc":{"Written by":"Espen Rasmussen \/ NJP-redaksjonen","Est. reading time":"1 minute"},"schema":{"@context":"https:\/\/schema.org","@graph":[{"@type":"Article","@id":"https:\/\/njp.no\/en\/2011\/ingvild-vaale-arnesen\/#article","isPartOf":{"@id":"https:\/\/njp.no\/en\/2011\/ingvild-vaale-arnesen\/"},"author":{"name":"Espen Rasmussen \/ NJP-redaksjonen","@id":"https:\/\/njp.no\/#\/schema\/person\/814bd483053e576f92c6dced1cfd043a"},"headline":"Ingvild Vaale Arnesen","datePublished":"2011-07-20T10:02:06+00:00","dateModified":"2023-03-22T07:30:16+00:00","mainEntityOfPage":{"@id":"https:\/\/njp.no\/en\/2011\/ingvild-vaale-arnesen\/"},"wordCount":191,"image":{"@id":"https:\/\/njp.no\/en\/2011\/ingvild-vaale-arnesen\/#primaryimage"},"thumbnailUrl":"https:\/\/njp.no\/wp-content\/uploads\/2011\/08\/Arnesen_M05.jpg","articleSection":["Participants","2011"],"inLanguage":"en-US"},{"@type":"WebPage","@id":"https:\/\/njp.no\/en\/2011\/ingvild-vaale-arnesen\/","url":"https:\/\/njp.no\/en\/2011\/ingvild-vaale-arnesen\/","name":"Ingvild Vaale Arnesen - Norwegian Journal of Photography","isPartOf":{"@id":"https:\/\/njp.no\/#website"},"primaryImageOfPage":{"@id":"https:\/\/njp.no\/en\/2011\/ingvild-vaale-arnesen\/#primaryimage"},"image":{"@id":"https:\/\/njp.no\/en\/2011\/ingvild-vaale-arnesen\/#primaryimage"},"thumbnailUrl":"https:\/\/njp.no\/wp-content\/uploads\/2011\/08\/Arnesen_M05.jpg","datePublished":"2011-07-20T10:02:06+00:00","dateModified":"2023-03-22T07:30:16+00:00","author":{"@id":"https:\/\/njp.no\/#\/schema\/person\/814bd483053e576f92c6dced1cfd043a"},"breadcrumb":{"@id":"https:\/\/njp.no\/en\/2011\/ingvild-vaale-arnesen\/#breadcrumb"},"inLanguage":"en-US","potentialAction":[{"@type":"ReadAction","target":["https:\/\/njp.no\/en\/2011\/ingvild-vaale-arnesen\/"]}]},{"@type":"ImageObject","inLanguage":"en-US","@id":"https:\/\/njp.no\/en\/2011\/ingvild-vaale-arnesen\/#primaryimage","url":"https:\/\/njp.no\/wp-content\/uploads\/2011\/08\/Arnesen_M05.jpg","contentUrl":"https:\/\/njp.no\/wp-content\/uploads\/2011\/08\/Arnesen_M05.jpg","width":610,"height":412},{"@type":"BreadcrumbList","@id":"https:\/\/njp.no\/en\/2011\/ingvild-vaale-arnesen\/#breadcrumb","itemListElement":[{"@type":"ListItem","position":1,"name":"Hjem","item":"https:\/\/njp.no\/en\/"},{"@type":"ListItem","position":2,"name":"Ingvild Vaale Arnesen"}]},{"@type":"WebSite","@id":"https:\/\/njp.no\/#website","url":"https:\/\/njp.no\/","name":"Norwegian Journal of Photography","description":"Norsk Fotografisk Journal","potentialAction":[{"@type":"SearchAction","target":{"@type":"EntryPoint","urlTemplate":"https:\/\/njp.no\/?s={search_term_string}"},"query-input":{"@type":"PropertyValueSpecification","valueRequired":true,"valueName":"search_term_string"}}],"inLanguage":"en-US"},{"@type":"Person","@id":"https:\/\/njp.no\/#\/schema\/person\/814bd483053e576f92c6dced1cfd043a","name":"Espen Rasmussen \/ NJP-redaksjonen","image":{"@type":"ImageObject","inLanguage":"en-US","@id":"https:\/\/njp.no\/#\/schema\/person\/image\/","url":"https:\/\/njp.no\/wp-content\/uploads\/2011\/08\/Espen-1-125x125.jpg","contentUrl":"https:\/\/njp.no\/wp-content\/uploads\/2011\/08\/Espen-1-125x125.jpg","caption":"Espen Rasmussen \/ NJP-redaksjonen"},"url":"https:\/\/njp.no\/en\/author\/espenrasicloud-com\/"}]}},"jetpack_featured_media_url":"https:\/\/njp.no\/wp-content\/uploads\/2011\/08\/Arnesen_M05.jpg","_links":{"self":[{"href":"https:\/\/njp.no\/en\/wp-json\/wp\/v2\/posts\/8023","targetHints":{"allow":["GET"]}}],"collection":[{"href":"https:\/\/njp.no\/en\/wp-json\/wp\/v2\/posts"}],"about":[{"href":"https:\/\/njp.no\/en\/wp-json\/wp\/v2\/types\/post"}],"author":[{"embeddable":true,"href":"https:\/\/njp.no\/en\/wp-json\/wp\/v2\/users\/3"}],"replies":[{"embeddable":true,"href":"https:\/\/njp.no\/en\/wp-json\/wp\/v2\/comments?post=8023"}],"version-history":[{"count":1,"href":"https:\/\/njp.no\/en\/wp-json\/wp\/v2\/posts\/8023\/revisions"}],"predecessor-version":[{"id":8024,"href":"https:\/\/njp.no\/en\/wp-json\/wp\/v2\/posts\/8023\/revisions\/8024"}],"wp:featuredmedia":[{"embeddable":true,"href":"https:\/\/njp.no\/en\/wp-json\/wp\/v2\/media\/6774"}],"wp:attachment":[{"href":"https:\/\/njp.no\/en\/wp-json\/wp\/v2\/media?parent=8023"}],"wp:term":[{"taxonomy":"category","embeddable":true,"href":"https:\/\/njp.no\/en\/wp-json\/wp\/v2\/categories?post=8023"},{"taxonomy":"post_tag","embeddable":true,"href":"https:\/\/njp.no\/en\/wp-json\/wp\/v2\/tags?post=8023"}],"curies":[{"name":"wp","href":"https:\/\/api.w.org\/{rel}","templated":true}]}}