{"id":7956,"date":"2023-03-01T09:04:15","date_gmt":"2023-03-01T08:04:15","guid":{"rendered":"http:\/\/njp.no\/?p=7956"},"modified":"2023-03-22T08:29:40","modified_gmt":"2023-03-22T07:29:40","slug":"javad-parsa","status":"publish","type":"post","link":"https:\/\/njp.no\/en\/2023\/javad-parsa\/","title":{"rendered":"Javad Parsa"},"content":{"rendered":"<h3>Javad Parsas fotoprosjekt <em>Eksil iranere<\/em>\u00a0startet i 2009. T<span style=\"font-size: inherit;\">usenvis av mennesker m<\/span>\u00e5 forlate Iran hvert \u00e5r, drevet av en mangel p\u00e5 politisk, religi\u00f8s og sosial\u00a0frihet i jakten p\u00e5 et bedre liv. Flertallet av mennesker p\u00e5 flukt ut av landet velger\u00a0vanligvis \u00e5 reise til Storbritannia, Tyrkia, Europa, USA og Australia.<\/h3>\n<p>Javad Parsa skriver i sin prosjektbeskrivelse om sin bakgrunn, som ogs\u00e5 danner bakteppet for sitt NJP-prosjekt:<\/p>\n<p>&#8220;Jeg begynte med fotografering n\u00e5r jeg var 18 \u00e5r, og som 19-\u00e5ring kom jeg til\u00a0Teheran fra hjembyen min Sari i Nord\u2013Iran, fire \u00e5r f\u00f8r valget. Jeg\u00a0begynte som frilanser, og fikk etter hvert dr\u00f8mmejobben i Fars News Agency,\u00a0Irans st\u00f8rste nyhetsbyr\u00e5. Jeg reiste i inn- og utland, m\u00f8tte ledere og\u00a0presidenter.<\/p>\n<p>Presidentvalgkampen hadde v\u00e6rt intens i juni 2009. For f\u00f8rste gang i\u00a0landets historie var det direktesendte iranske tv-debatter mellom kandidatene, og\u00a0engasjementet blant velgerne var stort.\u00a0Mens sluttstriden sto mellom den sittende presidenten Mahmoud\u00a0Ahmadinejad og den uttalte favoritten, reformvennlige Mir-Hossein Mousavi,\u00a0trodde mange p\u00e5 etterlengtede endringer i det iranske samfunnet.<\/p>\n<p><img loading=\"lazy\" decoding=\"async\" class=\"size-large wp-image-6245\" src=\"https:\/\/njp.no\/wp-content\/uploads\/2020\/10\/Parsa-Javad09-1024x682.jpg\" alt=\"\" width=\"1024\" height=\"682\" srcset=\"https:\/\/njp.no\/wp-content\/uploads\/2020\/10\/Parsa-Javad09-1024x682.jpg 1024w, https:\/\/njp.no\/wp-content\/uploads\/2020\/10\/Parsa-Javad09-290x193.jpg 290w, https:\/\/njp.no\/wp-content\/uploads\/2020\/10\/Parsa-Javad09-300x200.jpg 300w, https:\/\/njp.no\/wp-content\/uploads\/2020\/10\/Parsa-Javad09-768x512.jpg 768w, https:\/\/njp.no\/wp-content\/uploads\/2020\/10\/Parsa-Javad09-360x240.jpg 360w, https:\/\/njp.no\/wp-content\/uploads\/2020\/10\/Parsa-Javad09-1350x900.jpg 1350w, https:\/\/njp.no\/wp-content\/uploads\/2020\/10\/Parsa-Javad09.jpg 2000w\" sizes=\"auto, (max-width: 1024px) 100vw, 1024px\" \/><\/p>\n<p>Men\u00a0Ahmadinejad ble utropt til vinner igjen med over 60 prosent av stemmene.\u00a0Protestene mot antatt valgfusk lot ikke vente p\u00e5 seg.\u00a0Millioner tok til gatene. I nyhetsbyr\u00e5et Fars fikk fotografene instruks om ikke\u00a0\u00e5 ta bilder av demonstrasjonene mot regimet.<\/p>\n<p>Men jeg gikk selvf\u00f8lgelig ut p\u00e5 gata og fotograferte. Det var millioner der\u00a0ute. Alle tenkte at n\u00e5, n\u00e5 er revolusjonen her. Jeg begynte og jobbe som\u00a0frilansfotograf for det franske fotobyr\u00e5et Sipa Press. En dag s\u00e5 jeg mitt\u00a0eget fotografi p\u00e5 coveret av Time Magazine.\u00a0Jeg fikk litt sjokk.<\/p>\n<p>E<span style=\"font-size: inherit;\">n dag ble alle fotografene kalt inn til\u00a0<\/span>m\u00f8te med redakt\u00f8ren. Han sa de visste at to fotografer sendte bilder til\u00a0utlandet, og at de fikk mye penger for dette. Han sa ogs\u00e5 at n\u00e5r de fikk greie\u00a0p\u00e5 hvem det var, ville det bli veldig vanskelig for byr\u00e5ledelsen, siden\u00a0fotografene visste det var forbudt. Jeg ble veldig redd, den ene var jo meg.<\/p>\n<p>Jeg fant ut at jeg ikke kunne vente, jeg m\u00e5tte dra med en gang. Jeg kj\u00f8pte\u00a0flybillett til Ankara. Tyrkia er ett av f\u00e5 land som ikke krever visum av\u00a0iranere. Jeg kjente ingen i Tyrkia og ble oppfordret av en fotografvenn\u00a0bosatt i Paris om \u00e5 melde seg til FN og fortelle sin historie. Det r\u00e5det fulgte\u00a0jeg.<\/p>\n<p>Noen m\u00e5neder seinere f\u00e5r vi beskjed fra FNs h\u00f8ykommis\u00e6r for\u00a0flyktninger om at vi skulle til Norge.<\/p>\n<p>I Tyrkia begynte jeg \u00e5 fotografere eksil iranere. I mitt nye liv har jeg\u00a0m\u00f8tt mange iranske innvandrere, og jeg bestemte meg for\u00a0\u00e5 dokumentere aspekter av deres liv. De har alle forskjellige\u00a0grunner for \u00e5 ha forlatt sitt moderlandet. Men alle jeg snakket med h\u00e5pet at\u00a0de en dag kunne vende tilbake til Iran.<\/p>\n<p>Dette prosjektet er min personlige historie om iranske diasporaen verden\u00a0rundt. Dette er min mulighet til \u00e5 leve, dr\u00f8m og ser hver dag verden med\u00a0nye \u00f8yne uten \u00e5 glemme mitt hjemland.&#8221;<\/p>\n<p><img loading=\"lazy\" decoding=\"async\" class=\"size-large wp-image-6246\" src=\"https:\/\/njp.no\/wp-content\/uploads\/2020\/10\/Parsa-Javad04-1024x682.jpg\" alt=\"\" width=\"1024\" height=\"682\" srcset=\"https:\/\/njp.no\/wp-content\/uploads\/2020\/10\/Parsa-Javad04-1024x682.jpg 1024w, https:\/\/njp.no\/wp-content\/uploads\/2020\/10\/Parsa-Javad04-290x193.jpg 290w, https:\/\/njp.no\/wp-content\/uploads\/2020\/10\/Parsa-Javad04-300x200.jpg 300w, https:\/\/njp.no\/wp-content\/uploads\/2020\/10\/Parsa-Javad04-768x512.jpg 768w, https:\/\/njp.no\/wp-content\/uploads\/2020\/10\/Parsa-Javad04-360x240.jpg 360w, https:\/\/njp.no\/wp-content\/uploads\/2020\/10\/Parsa-Javad04-1350x900.jpg 1350w, https:\/\/njp.no\/wp-content\/uploads\/2020\/10\/Parsa-Javad04.jpg 2000w\" sizes=\"auto, (max-width: 1024px) 100vw, 1024px\" \/><\/p>\n<p><img loading=\"lazy\" decoding=\"async\" class=\"size-large wp-image-6247\" src=\"https:\/\/njp.no\/wp-content\/uploads\/2020\/10\/Parsa-Javad02-1024x682.jpg\" alt=\"\" width=\"1024\" height=\"682\" srcset=\"https:\/\/njp.no\/wp-content\/uploads\/2020\/10\/Parsa-Javad02-1024x682.jpg 1024w, https:\/\/njp.no\/wp-content\/uploads\/2020\/10\/Parsa-Javad02-290x193.jpg 290w, https:\/\/njp.no\/wp-content\/uploads\/2020\/10\/Parsa-Javad02-300x200.jpg 300w, https:\/\/njp.no\/wp-content\/uploads\/2020\/10\/Parsa-Javad02-768x512.jpg 768w, https:\/\/njp.no\/wp-content\/uploads\/2020\/10\/Parsa-Javad02-360x240.jpg 360w, https:\/\/njp.no\/wp-content\/uploads\/2020\/10\/Parsa-Javad02-1350x900.jpg 1350w, https:\/\/njp.no\/wp-content\/uploads\/2020\/10\/Parsa-Javad02.jpg 2000w\" sizes=\"auto, (max-width: 1024px) 100vw, 1024px\" \/><\/p>\n<p><img loading=\"lazy\" decoding=\"async\" class=\"size-large wp-image-6248\" src=\"https:\/\/njp.no\/wp-content\/uploads\/2020\/10\/Parsa-Javad07-1024x682.jpg\" alt=\"\" width=\"1024\" height=\"682\" srcset=\"https:\/\/njp.no\/wp-content\/uploads\/2020\/10\/Parsa-Javad07-1024x682.jpg 1024w, https:\/\/njp.no\/wp-content\/uploads\/2020\/10\/Parsa-Javad07-290x193.jpg 290w, https:\/\/njp.no\/wp-content\/uploads\/2020\/10\/Parsa-Javad07-300x200.jpg 300w, https:\/\/njp.no\/wp-content\/uploads\/2020\/10\/Parsa-Javad07-768x512.jpg 768w, https:\/\/njp.no\/wp-content\/uploads\/2020\/10\/Parsa-Javad07-360x240.jpg 360w, https:\/\/njp.no\/wp-content\/uploads\/2020\/10\/Parsa-Javad07-1350x900.jpg 1350w, https:\/\/njp.no\/wp-content\/uploads\/2020\/10\/Parsa-Javad07.jpg 2000w\" sizes=\"auto, (max-width: 1024px) 100vw, 1024px\" \/><\/p>\n<p><img loading=\"lazy\" decoding=\"async\" class=\"size-large wp-image-6249\" src=\"https:\/\/njp.no\/wp-content\/uploads\/2020\/10\/Parsa-Javad01-1024x682.jpg\" alt=\"\" width=\"1024\" height=\"682\" srcset=\"https:\/\/njp.no\/wp-content\/uploads\/2020\/10\/Parsa-Javad01-1024x682.jpg 1024w, https:\/\/njp.no\/wp-content\/uploads\/2020\/10\/Parsa-Javad01-290x193.jpg 290w, https:\/\/njp.no\/wp-content\/uploads\/2020\/10\/Parsa-Javad01-300x200.jpg 300w, https:\/\/njp.no\/wp-content\/uploads\/2020\/10\/Parsa-Javad01-768x512.jpg 768w, https:\/\/njp.no\/wp-content\/uploads\/2020\/10\/Parsa-Javad01-360x240.jpg 360w, https:\/\/njp.no\/wp-content\/uploads\/2020\/10\/Parsa-Javad01-1350x900.jpg 1350w, https:\/\/njp.no\/wp-content\/uploads\/2020\/10\/Parsa-Javad01.jpg 2000w\" sizes=\"auto, (max-width: 1024px) 100vw, 1024px\" \/><\/p>\n<p><img loading=\"lazy\" decoding=\"async\" class=\"size-large wp-image-6250\" src=\"https:\/\/njp.no\/wp-content\/uploads\/2020\/10\/Parsa-Javad06-1024x683.jpg\" alt=\"\" width=\"1024\" height=\"683\" srcset=\"https:\/\/njp.no\/wp-content\/uploads\/2020\/10\/Parsa-Javad06-1024x683.jpg 1024w, https:\/\/njp.no\/wp-content\/uploads\/2020\/10\/Parsa-Javad06-290x193.jpg 290w, https:\/\/njp.no\/wp-content\/uploads\/2020\/10\/Parsa-Javad06-300x200.jpg 300w, https:\/\/njp.no\/wp-content\/uploads\/2020\/10\/Parsa-Javad06-768x512.jpg 768w, https:\/\/njp.no\/wp-content\/uploads\/2020\/10\/Parsa-Javad06-360x240.jpg 360w, https:\/\/njp.no\/wp-content\/uploads\/2020\/10\/Parsa-Javad06-1349x900.jpg 1349w, https:\/\/njp.no\/wp-content\/uploads\/2020\/10\/Parsa-Javad06.jpg 2000w\" sizes=\"auto, (max-width: 1024px) 100vw, 1024px\" \/><\/p>\n","protected":false},"excerpt":{"rendered":"<p>Javad Parsas fotoprosjekt Eksil iranere\u00a0startet i 2009. Tusenvis av mennesker m\u00e5 forlate Iran hvert \u00e5r, drevet av en mangel p\u00e5 politisk, religi\u00f8s og sosial\u00a0frihet i jakten p\u00e5 et bedre liv&#8230;.<\/p>\n","protected":false},"author":3,"featured_media":7805,"comment_status":"closed","ping_status":"open","sticky":false,"template":"","format":"standard","meta":{"inline_featured_image":false,"footnotes":""},"categories":[246,247],"tags":[],"class_list":{"0":"post-7956","1":"post","2":"type-post","3":"status-publish","4":"format-standard","5":"has-post-thumbnail","7":"category-participants","8":"category-2019-en-2"},"yoast_head":"<!-- This site is optimized with the Yoast SEO plugin v26.9 - https:\/\/yoast.com\/product\/yoast-seo-wordpress\/ -->\n<title>Javad Parsa - Norwegian Journal of Photography<\/title>\n<meta name=\"robots\" content=\"index, follow, max-snippet:-1, max-image-preview:large, max-video-preview:-1\" \/>\n<link rel=\"canonical\" href=\"https:\/\/njp.no\/en\/2023\/javad-parsa\/\" \/>\n<meta property=\"og:locale\" content=\"en_US\" \/>\n<meta property=\"og:type\" content=\"article\" \/>\n<meta property=\"og:title\" content=\"Javad Parsa - Norwegian Journal of Photography\" \/>\n<meta property=\"og:description\" content=\"Javad Parsas fotoprosjekt Eksil iranere\u00a0startet i 2009. Tusenvis av mennesker m\u00e5 forlate Iran hvert \u00e5r, drevet av en mangel p\u00e5 politisk, religi\u00f8s og sosial\u00a0frihet i jakten p\u00e5 et bedre liv....\" \/>\n<meta property=\"og:url\" content=\"https:\/\/njp.no\/en\/2023\/javad-parsa\/\" \/>\n<meta property=\"og:site_name\" content=\"Norwegian Journal of Photography\" \/>\n<meta property=\"article:published_time\" content=\"2023-03-01T08:04:15+00:00\" \/>\n<meta property=\"article:modified_time\" content=\"2023-03-22T07:29:40+00:00\" \/>\n<meta property=\"og:image\" content=\"https:\/\/njp.no\/wp-content\/uploads\/2020\/10\/Parsa-Javad03.jpg\" \/>\n\t<meta property=\"og:image:width\" content=\"2000\" \/>\n\t<meta property=\"og:image:height\" content=\"1333\" \/>\n\t<meta property=\"og:image:type\" content=\"image\/jpeg\" \/>\n<meta name=\"author\" content=\"Espen Rasmussen \/ NJP-redaksjonen\" \/>\n<meta name=\"twitter:card\" content=\"summary_large_image\" \/>\n<meta name=\"twitter:label1\" content=\"Written by\" \/>\n\t<meta name=\"twitter:data1\" content=\"Espen Rasmussen \/ NJP-redaksjonen\" \/>\n\t<meta name=\"twitter:label2\" content=\"Est. reading time\" \/>\n\t<meta name=\"twitter:data2\" content=\"3 minutes\" \/>\n<script type=\"application\/ld+json\" class=\"yoast-schema-graph\">{\"@context\":\"https:\/\/schema.org\",\"@graph\":[{\"@type\":\"Article\",\"@id\":\"https:\/\/njp.no\/en\/2023\/javad-parsa\/#article\",\"isPartOf\":{\"@id\":\"https:\/\/njp.no\/en\/2023\/javad-parsa\/\"},\"author\":{\"name\":\"Espen Rasmussen \/ NJP-redaksjonen\",\"@id\":\"https:\/\/njp.no\/#\/schema\/person\/814bd483053e576f92c6dced1cfd043a\"},\"headline\":\"Javad Parsa\",\"datePublished\":\"2023-03-01T08:04:15+00:00\",\"dateModified\":\"2023-03-22T07:29:40+00:00\",\"mainEntityOfPage\":{\"@id\":\"https:\/\/njp.no\/en\/2023\/javad-parsa\/\"},\"wordCount\":505,\"image\":{\"@id\":\"https:\/\/njp.no\/en\/2023\/javad-parsa\/#primaryimage\"},\"thumbnailUrl\":\"https:\/\/njp.no\/wp-content\/uploads\/2020\/10\/Parsa-Javad03.jpg\",\"articleSection\":[\"Participants\",\"2019\"],\"inLanguage\":\"en-US\"},{\"@type\":\"WebPage\",\"@id\":\"https:\/\/njp.no\/en\/2023\/javad-parsa\/\",\"url\":\"https:\/\/njp.no\/en\/2023\/javad-parsa\/\",\"name\":\"Javad Parsa - Norwegian Journal of Photography\",\"isPartOf\":{\"@id\":\"https:\/\/njp.no\/#website\"},\"primaryImageOfPage\":{\"@id\":\"https:\/\/njp.no\/en\/2023\/javad-parsa\/#primaryimage\"},\"image\":{\"@id\":\"https:\/\/njp.no\/en\/2023\/javad-parsa\/#primaryimage\"},\"thumbnailUrl\":\"https:\/\/njp.no\/wp-content\/uploads\/2020\/10\/Parsa-Javad03.jpg\",\"datePublished\":\"2023-03-01T08:04:15+00:00\",\"dateModified\":\"2023-03-22T07:29:40+00:00\",\"author\":{\"@id\":\"https:\/\/njp.no\/#\/schema\/person\/814bd483053e576f92c6dced1cfd043a\"},\"breadcrumb\":{\"@id\":\"https:\/\/njp.no\/en\/2023\/javad-parsa\/#breadcrumb\"},\"inLanguage\":\"en-US\",\"potentialAction\":[{\"@type\":\"ReadAction\",\"target\":[\"https:\/\/njp.no\/en\/2023\/javad-parsa\/\"]}]},{\"@type\":\"ImageObject\",\"inLanguage\":\"en-US\",\"@id\":\"https:\/\/njp.no\/en\/2023\/javad-parsa\/#primaryimage\",\"url\":\"https:\/\/njp.no\/wp-content\/uploads\/2020\/10\/Parsa-Javad03.jpg\",\"contentUrl\":\"https:\/\/njp.no\/wp-content\/uploads\/2020\/10\/Parsa-Javad03.jpg\",\"width\":2000,\"height\":1333,\"caption\":\"Farshad and Pega are Buddhists. They are new to Norway and hope to learn the language and find work, but also that they can one day live with their families in Iran.\"},{\"@type\":\"BreadcrumbList\",\"@id\":\"https:\/\/njp.no\/en\/2023\/javad-parsa\/#breadcrumb\",\"itemListElement\":[{\"@type\":\"ListItem\",\"position\":1,\"name\":\"Hjem\",\"item\":\"https:\/\/njp.no\/en\/\"},{\"@type\":\"ListItem\",\"position\":2,\"name\":\"Javad Parsa\"}]},{\"@type\":\"WebSite\",\"@id\":\"https:\/\/njp.no\/#website\",\"url\":\"https:\/\/njp.no\/\",\"name\":\"Norwegian Journal of Photography\",\"description\":\"Norsk Fotografisk Journal\",\"potentialAction\":[{\"@type\":\"SearchAction\",\"target\":{\"@type\":\"EntryPoint\",\"urlTemplate\":\"https:\/\/njp.no\/?s={search_term_string}\"},\"query-input\":{\"@type\":\"PropertyValueSpecification\",\"valueRequired\":true,\"valueName\":\"search_term_string\"}}],\"inLanguage\":\"en-US\"},{\"@type\":\"Person\",\"@id\":\"https:\/\/njp.no\/#\/schema\/person\/814bd483053e576f92c6dced1cfd043a\",\"name\":\"Espen Rasmussen \/ NJP-redaksjonen\",\"image\":{\"@type\":\"ImageObject\",\"inLanguage\":\"en-US\",\"@id\":\"https:\/\/njp.no\/#\/schema\/person\/image\/\",\"url\":\"https:\/\/njp.no\/wp-content\/uploads\/2011\/08\/Espen-1-125x125.jpg\",\"contentUrl\":\"https:\/\/njp.no\/wp-content\/uploads\/2011\/08\/Espen-1-125x125.jpg\",\"caption\":\"Espen Rasmussen \/ NJP-redaksjonen\"},\"url\":\"https:\/\/njp.no\/en\/author\/espenrasicloud-com\/\"}]}<\/script>\n<!-- \/ Yoast SEO plugin. -->","yoast_head_json":{"title":"Javad Parsa - Norwegian Journal of Photography","robots":{"index":"index","follow":"follow","max-snippet":"max-snippet:-1","max-image-preview":"max-image-preview:large","max-video-preview":"max-video-preview:-1"},"canonical":"https:\/\/njp.no\/en\/2023\/javad-parsa\/","og_locale":"en_US","og_type":"article","og_title":"Javad Parsa - Norwegian Journal of Photography","og_description":"Javad Parsas fotoprosjekt Eksil iranere\u00a0startet i 2009. Tusenvis av mennesker m\u00e5 forlate Iran hvert \u00e5r, drevet av en mangel p\u00e5 politisk, religi\u00f8s og sosial\u00a0frihet i jakten p\u00e5 et bedre liv....","og_url":"https:\/\/njp.no\/en\/2023\/javad-parsa\/","og_site_name":"Norwegian Journal of Photography","article_published_time":"2023-03-01T08:04:15+00:00","article_modified_time":"2023-03-22T07:29:40+00:00","og_image":[{"width":2000,"height":1333,"url":"https:\/\/njp.no\/wp-content\/uploads\/2020\/10\/Parsa-Javad03.jpg","type":"image\/jpeg"}],"author":"Espen Rasmussen \/ NJP-redaksjonen","twitter_card":"summary_large_image","twitter_misc":{"Written by":"Espen Rasmussen \/ NJP-redaksjonen","Est. reading time":"3 minutes"},"schema":{"@context":"https:\/\/schema.org","@graph":[{"@type":"Article","@id":"https:\/\/njp.no\/en\/2023\/javad-parsa\/#article","isPartOf":{"@id":"https:\/\/njp.no\/en\/2023\/javad-parsa\/"},"author":{"name":"Espen Rasmussen \/ NJP-redaksjonen","@id":"https:\/\/njp.no\/#\/schema\/person\/814bd483053e576f92c6dced1cfd043a"},"headline":"Javad Parsa","datePublished":"2023-03-01T08:04:15+00:00","dateModified":"2023-03-22T07:29:40+00:00","mainEntityOfPage":{"@id":"https:\/\/njp.no\/en\/2023\/javad-parsa\/"},"wordCount":505,"image":{"@id":"https:\/\/njp.no\/en\/2023\/javad-parsa\/#primaryimage"},"thumbnailUrl":"https:\/\/njp.no\/wp-content\/uploads\/2020\/10\/Parsa-Javad03.jpg","articleSection":["Participants","2019"],"inLanguage":"en-US"},{"@type":"WebPage","@id":"https:\/\/njp.no\/en\/2023\/javad-parsa\/","url":"https:\/\/njp.no\/en\/2023\/javad-parsa\/","name":"Javad Parsa - Norwegian Journal of Photography","isPartOf":{"@id":"https:\/\/njp.no\/#website"},"primaryImageOfPage":{"@id":"https:\/\/njp.no\/en\/2023\/javad-parsa\/#primaryimage"},"image":{"@id":"https:\/\/njp.no\/en\/2023\/javad-parsa\/#primaryimage"},"thumbnailUrl":"https:\/\/njp.no\/wp-content\/uploads\/2020\/10\/Parsa-Javad03.jpg","datePublished":"2023-03-01T08:04:15+00:00","dateModified":"2023-03-22T07:29:40+00:00","author":{"@id":"https:\/\/njp.no\/#\/schema\/person\/814bd483053e576f92c6dced1cfd043a"},"breadcrumb":{"@id":"https:\/\/njp.no\/en\/2023\/javad-parsa\/#breadcrumb"},"inLanguage":"en-US","potentialAction":[{"@type":"ReadAction","target":["https:\/\/njp.no\/en\/2023\/javad-parsa\/"]}]},{"@type":"ImageObject","inLanguage":"en-US","@id":"https:\/\/njp.no\/en\/2023\/javad-parsa\/#primaryimage","url":"https:\/\/njp.no\/wp-content\/uploads\/2020\/10\/Parsa-Javad03.jpg","contentUrl":"https:\/\/njp.no\/wp-content\/uploads\/2020\/10\/Parsa-Javad03.jpg","width":2000,"height":1333,"caption":"Farshad and Pega are Buddhists. They are new to Norway and hope to learn the language and find work, but also that they can one day live with their families in Iran."},{"@type":"BreadcrumbList","@id":"https:\/\/njp.no\/en\/2023\/javad-parsa\/#breadcrumb","itemListElement":[{"@type":"ListItem","position":1,"name":"Hjem","item":"https:\/\/njp.no\/en\/"},{"@type":"ListItem","position":2,"name":"Javad Parsa"}]},{"@type":"WebSite","@id":"https:\/\/njp.no\/#website","url":"https:\/\/njp.no\/","name":"Norwegian Journal of Photography","description":"Norsk Fotografisk Journal","potentialAction":[{"@type":"SearchAction","target":{"@type":"EntryPoint","urlTemplate":"https:\/\/njp.no\/?s={search_term_string}"},"query-input":{"@type":"PropertyValueSpecification","valueRequired":true,"valueName":"search_term_string"}}],"inLanguage":"en-US"},{"@type":"Person","@id":"https:\/\/njp.no\/#\/schema\/person\/814bd483053e576f92c6dced1cfd043a","name":"Espen Rasmussen \/ NJP-redaksjonen","image":{"@type":"ImageObject","inLanguage":"en-US","@id":"https:\/\/njp.no\/#\/schema\/person\/image\/","url":"https:\/\/njp.no\/wp-content\/uploads\/2011\/08\/Espen-1-125x125.jpg","contentUrl":"https:\/\/njp.no\/wp-content\/uploads\/2011\/08\/Espen-1-125x125.jpg","caption":"Espen Rasmussen \/ NJP-redaksjonen"},"url":"https:\/\/njp.no\/en\/author\/espenrasicloud-com\/"}]}},"jetpack_featured_media_url":"https:\/\/njp.no\/wp-content\/uploads\/2020\/10\/Parsa-Javad03.jpg","_links":{"self":[{"href":"https:\/\/njp.no\/en\/wp-json\/wp\/v2\/posts\/7956","targetHints":{"allow":["GET"]}}],"collection":[{"href":"https:\/\/njp.no\/en\/wp-json\/wp\/v2\/posts"}],"about":[{"href":"https:\/\/njp.no\/en\/wp-json\/wp\/v2\/types\/post"}],"author":[{"embeddable":true,"href":"https:\/\/njp.no\/en\/wp-json\/wp\/v2\/users\/3"}],"replies":[{"embeddable":true,"href":"https:\/\/njp.no\/en\/wp-json\/wp\/v2\/comments?post=7956"}],"version-history":[{"count":2,"href":"https:\/\/njp.no\/en\/wp-json\/wp\/v2\/posts\/7956\/revisions"}],"predecessor-version":[{"id":7958,"href":"https:\/\/njp.no\/en\/wp-json\/wp\/v2\/posts\/7956\/revisions\/7958"}],"wp:featuredmedia":[{"embeddable":true,"href":"https:\/\/njp.no\/en\/wp-json\/wp\/v2\/media\/7805"}],"wp:attachment":[{"href":"https:\/\/njp.no\/en\/wp-json\/wp\/v2\/media?parent=7956"}],"wp:term":[{"taxonomy":"category","embeddable":true,"href":"https:\/\/njp.no\/en\/wp-json\/wp\/v2\/categories?post=7956"},{"taxonomy":"post_tag","embeddable":true,"href":"https:\/\/njp.no\/en\/wp-json\/wp\/v2\/tags?post=7956"}],"curies":[{"name":"wp","href":"https:\/\/api.w.org\/{rel}","templated":true}]}}